{"id":22520,"date":"2023-06-28T00:00:00","date_gmt":"2023-06-27T22:00:00","guid":{"rendered":"https:\/\/new.barcelonatribuna.com\/catalunya_davant_les_eleccions_del_23j__barcelona_tribuna_amb_alejandro_fernandez\/"},"modified":"2023-06-28T00:00:00","modified_gmt":"2023-06-27T22:00:00","slug":"catalunya_davant_les_eleccions_del_23j__barcelona_tribuna_amb_alejandro_fernandez","status":"publish","type":"post","link":"https:\/\/www.amicsdelpais.com\/es\/catalunya_davant_les_eleccions_del_23j__barcelona_tribuna_amb_alejandro_fernandez\/","title":{"rendered":"&#8216;Catalunya davant les eleccions del 23-J&#8217; | Barcelona Tribuna amb Alejandro Fern\u00e1ndez"},"content":{"rendered":"         <p class=\"link_ariadna\"><a href=\"https:\/\/www.amicsdelpais.com\/es\/publicaciones\">Publicaciones<\/a><\/p>                   <h1 class=\"wp-block-post-title\">&#8216;Catalunya davant les eleccions del 23-J&#8217; | Barcelona Tribuna amb Alejandro Fern\u00e1ndez<\/h1>          <style>.kb-row-layout-id15198_fd4370-d2 > .kt-row-column-wrap{align-content:start;}:where(.kb-row-layout-id15198_fd4370-d2 > .kt-row-column-wrap) > .wp-block-kadence-column{justify-content:start;}.kb-row-layout-id15198_fd4370-d2 > .kt-row-column-wrap{column-gap:40px;row-gap:var(--global-kb-gap-md, 2rem);padding-top:0px;padding-bottom:24px;grid-template-columns:minmax(0, calc(70% - ((40px * 1 )\/2)))minmax(0, calc(30% - ((40px * 1 )\/2)));}.kb-row-layout-id15198_fd4370-d2 > .kt-row-layout-overlay{opacity:0.30;}@media all and (max-width: 1024px){.kb-row-layout-id15198_fd4370-d2 > .kt-row-column-wrap{grid-template-columns:minmax(0, 2fr) minmax(0, 1fr);}}@media all and (max-width: 767px){.kb-row-layout-id15198_fd4370-d2 > .kt-row-column-wrap{grid-template-columns:minmax(0, 1fr);}}<\/style><div class=\"kb-row-layout-wrap kb-row-layout-id15198_fd4370-d2 alignnone header_article_agenda wp-block-kadence-rowlayout\"><div class=\"kt-row-column-wrap kt-has-2-columns kt-row-layout-left-golden kt-tab-layout-inherit kt-mobile-layout-row kt-row-valign-top\">         <style>.kadence-column15198_b1d053-1d > .kt-inside-inner-col,.kadence-column15198_b1d053-1d > .kt-inside-inner-col:before{border-top-left-radius:0px;border-top-right-radius:0px;border-bottom-right-radius:0px;border-bottom-left-radius:0px;}.kadence-column15198_b1d053-1d > .kt-inside-inner-col{column-gap:var(--global-kb-gap-sm, 1rem);}.kadence-column15198_b1d053-1d > .kt-inside-inner-col{flex-direction:column;}.kadence-column15198_b1d053-1d > .kt-inside-inner-col > .aligncenter{width:100%;}.kadence-column15198_b1d053-1d > .kt-inside-inner-col:before{opacity:0.3;}.kadence-column15198_b1d053-1d{position:relative;}@media all and (max-width: 1024px){.kadence-column15198_b1d053-1d > .kt-inside-inner-col{flex-direction:column;justify-content:center;}}@media all and (max-width: 767px){.kadence-column15198_b1d053-1d > .kt-inside-inner-col{flex-direction:column;justify-content:center;}}<\/style>         <div class=\"wp-block-kadence-column kadence-column15198_b1d053-1d\"><div class=\"kt-inside-inner-col\"><figure class=\"wp-block-post-featured-image\"><img loading=\"lazy\" decoding=\"async\" width=\"950\" height=\"567\" src=\"https:\/\/www.amicsdelpais.com\/wp-content\/uploads\/2023\/06\/2017_6q_a3_web.png\" class=\"attachment-post-thumbnail size-post-thumbnail wp-post-image\" alt=\"\" style=\"object-fit:cover;\" srcset=\"https:\/\/www.amicsdelpais.com\/wp-content\/uploads\/2023\/06\/2017_6q_a3_web.png 950w, https:\/\/www.amicsdelpais.com\/wp-content\/uploads\/2023\/06\/2017_6q_a3_web-300x179.png 300w, https:\/\/www.amicsdelpais.com\/wp-content\/uploads\/2023\/06\/2017_6q_a3_web-768x458.png 768w, https:\/\/www.amicsdelpais.com\/wp-content\/uploads\/2023\/06\/2017_6q_a3_web-600x358.png 600w\" sizes=\"auto, (max-width: 950px) 100vw, 950px\" \/><\/figure><\/div><\/div>                   <style>.kadence-column15494_3829e6-92 > .kt-inside-inner-col,.kadence-column15494_3829e6-92 > .kt-inside-inner-col:before{border-top-left-radius:0px;border-top-right-radius:0px;border-bottom-right-radius:0px;border-bottom-left-radius:0px;}.kadence-column15494_3829e6-92 > .kt-inside-inner-col{column-gap:var(--global-kb-gap-sm, 1rem);}.kadence-column15494_3829e6-92 > .kt-inside-inner-col{flex-direction:column;}.kadence-column15494_3829e6-92 > .kt-inside-inner-col > .aligncenter{width:100%;}.kadence-column15494_3829e6-92 > .kt-inside-inner-col:before{opacity:0.3;}.kadence-column15494_3829e6-92{position:relative;}@media all and (max-width: 1024px){.kadence-column15494_3829e6-92 > .kt-inside-inner-col{flex-direction:column;justify-content:center;}}@media all and (max-width: 767px){.kadence-column15494_3829e6-92 > .kt-inside-inner-col{flex-direction:column;justify-content:center;}}<\/style>         <div class=\"wp-block-kadence-column kadence-column15494_3829e6-92\">             <div class=\"kt-inside-inner-col\">                  <h4 class=\"wp-block-heading\"><a href=\"\/es\/comision-barcelona-tribuna\">Barcelona Tribuna<\/a><\/h4>                  <style>.wp-block-kadence-column.kb-section-dir-horizontal > .kt-inside-inner-col > .kt-info-box14181_ae7a89-85 .kt-blocks-info-box-link-wrap{max-width:unset;}.kt-info-box14181_ae7a89-85 .kt-blocks-info-box-link-wrap{border-top:0px solid var(u002du002dglobal-palette7, #eeeeee);border-right:0px solid var(u002du002dglobal-palette7, #eeeeee);border-bottom:1px solid #979797;border-left:0px solid var(u002du002dglobal-palette7, #eeeeee);border-top-left-radius:0px;border-top-right-radius:0px;border-bottom-right-radius:0px;border-bottom-left-radius:0px;background:var(--global-palette1, #3182CE);padding-top:0px;padding-right:0px;padding-bottom:10px;padding-left:0px;margin-bottom:10px;}.kt-info-box14181_ae7a89-85 .kadence-info-box-icon-container .kt-info-svg-icon, .kt-info-box14181_ae7a89-85 .kt-info-svg-icon-flip, .kt-info-box14181_ae7a89-85 .kt-blocks-info-box-number{font-size:20px;}.kt-info-box14181_ae7a89-85 .kt-blocks-info-box-media{color:var(--global-palette4, #2D3748);border-top-width:0px;border-right-width:0px;border-bottom-width:0px;border-left-width:0px;padding-top:3px;padding-right:0px;padding-bottom:0px;padding-left:0px;margin-top:0px;margin-right:7px;margin-bottom:0px;margin-left:0px;}.kt-info-box14181_ae7a89-85 .kt-infobox-textcontent h6.kt-blocks-info-box-title{color:var(--global-palette4, #2D3748);padding-top:0px;padding-right:0px;padding-bottom:0px;padding-left:0px;margin-top:5px;margin-right:0px;margin-bottom:10px;margin-left:0px;}.kt-info-box14181_ae7a89-85 .kt-infobox-textcontent .kt-blocks-info-box-text{color:var(--global-palette4, #2D3748);}.kt-info-box14181_ae7a89-85 .kt-blocks-info-box-learnmore{background:transparent;border-width:0px 0px 0px 0px;padding-top:4px;padding-right:8px;padding-bottom:4px;padding-left:8px;margin-top:10px;margin-right:0px;margin-bottom:10px;margin-left:0px;}@media all and (max-width: 1024px){.kt-info-box14181_ae7a89-85 .kt-blocks-info-box-link-wrap{border-top:0px solid var(u002du002dglobal-palette7, #eeeeee);border-right:0px solid var(u002du002dglobal-palette7, #eeeeee);border-bottom:1px solid #979797;border-left:0px solid var(u002du002dglobal-palette7, #eeeeee);}}@media all and (max-width: 767px){.kt-info-box14181_ae7a89-85 .kt-blocks-info-box-link-wrap{border-top:0px solid var(u002du002dglobal-palette7, #eeeeee);border-right:0px solid var(u002du002dglobal-palette7, #eeeeee);border-bottom:1px solid #979797;border-left:0px solid var(u002du002dglobal-palette7, #eeeeee);}}<\/style> <div class=\"wp-block-kadence-infobox kt-info-box14181_ae7a89-85 info_block_01\">     <span class=\"kt-blocks-info-box-link-wrap info-box-link kt-blocks-info-box-media-align-left kt-info-halign-left kb-info-box-vertical-media-align-top\">         <div class=\"kt-blocks-info-box-media-container\">             <div class=\"kt-blocks-info-box-media kt-info-media-animate-none\">                 <div class=\"kadence-info-box-icon-container kt-info-icon-animate-none\">                     <div class=\"kadence-info-box-icon-inner-container\"><span class=\"kb-svg-icon-wrap kb-svg-icon-fe_book kt-info-svg-icon\"><svg viewBox=\"0 0 24 24\"  fill=\"none\" stroke=\"currentColor\" stroke-width=\"2\" stroke-linecap=\"round\" stroke-linejoin=\"round\" xmlns=\"http:\/\/www.w3.org\/2000\/svg\"  role=\"img\"><title>Hora<\/title><path d=\"M4 19.5A2.5 2.5 0 0 1 6.5 17H20\"\/><path d=\"M6.5 2H20v20H6.5A2.5 2.5 0 0 1 4 19.5v-15A2.5 2.5 0 0 1 6.5 2z\"\/><\/svg><\/span><\/div>                 <\/div>             <\/div>         <\/div>         <div class=\"kt-infobox-textcontent\">             <h6 class=\"kt-blocks-info-box-title\">Tipo de publicaci\u00f3n<\/h6><p class=\"kt-blocks-info-box-text\"><a href=\"\/publicacions\/resumen-de-actividades\/\" target=\"_blank\" rel=\"noreferrer noopener nofollow\">Resumen de actividades<\/a><\/p>        <\/div>     <\/span> <\/div>                  <style>.wp-block-kadence-column.kb-section-dir-horizontal > .kt-inside-inner-col > .kt-info-box15198_70ed2d-ec .kt-blocks-info-box-link-wrap{max-width:unset;}.kt-info-box15198_70ed2d-ec .kt-blocks-info-box-link-wrap{border-top:0px solid var(u002du002dglobal-palette7, #eeeeee);border-right:0px solid var(u002du002dglobal-palette7, #eeeeee);border-bottom:0px solid #979797;border-left:0px solid var(u002du002dglobal-palette7, #eeeeee);border-top-left-radius:0px;border-top-right-radius:0px;border-bottom-right-radius:0px;border-bottom-left-radius:0px;background:var(--global-palette1, #3182CE);padding-top:0px;padding-right:0px;padding-bottom:10px;padding-left:0px;}.kt-info-box15198_70ed2d-ec .kadence-info-box-icon-container .kt-info-svg-icon, .kt-info-box15198_70ed2d-ec .kt-info-svg-icon-flip, .kt-info-box15198_70ed2d-ec .kt-blocks-info-box-number{font-size:20px;}.kt-info-box15198_70ed2d-ec .kt-blocks-info-box-media{color:var(--global-palette4, #2D3748);border-top-width:0px;border-right-width:0px;border-bottom-width:0px;border-left-width:0px;padding-top:3px;padding-right:0px;padding-bottom:0px;padding-left:0px;margin-top:0px;margin-right:7px;margin-bottom:0px;margin-left:0px;}.kt-info-box15198_70ed2d-ec .kt-infobox-textcontent h6.kt-blocks-info-box-title{color:var(--global-palette4, #2D3748);padding-top:0px;padding-right:0px;padding-bottom:0px;padding-left:0px;margin-top:5px;margin-right:0px;margin-bottom:10px;margin-left:0px;}.kt-info-box15198_70ed2d-ec .kt-infobox-textcontent .kt-blocks-info-box-text{color:var(--global-palette4, #2D3748);}.kt-info-box15198_70ed2d-ec .kt-blocks-info-box-learnmore{background:transparent;border-width:0px 0px 0px 0px;padding-top:4px;padding-right:8px;padding-bottom:4px;padding-left:8px;margin-top:10px;margin-right:0px;margin-bottom:10px;margin-left:0px;}@media all and (max-width: 1024px){.kt-info-box15198_70ed2d-ec .kt-blocks-info-box-link-wrap{border-top:0px solid var(u002du002dglobal-palette7, #eeeeee);border-right:0px solid var(u002du002dglobal-palette7, #eeeeee);border-bottom:0px solid #979797;border-left:0px solid var(u002du002dglobal-palette7, #eeeeee);}}@media all and (max-width: 767px){.kt-info-box15198_70ed2d-ec .kt-blocks-info-box-link-wrap{border-top:0px solid var(u002du002dglobal-palette7, #eeeeee);border-right:0px solid var(u002du002dglobal-palette7, #eeeeee);border-bottom:0px solid #979797;border-left:0px solid var(u002du002dglobal-palette7, #eeeeee);}}<\/style> <div class=\"wp-block-kadence-infobox kt-info-box15198_70ed2d-ec info_block_01\">     <span class=\"kt-blocks-info-box-link-wrap info-box-link kt-blocks-info-box-media-align-left kt-info-halign-left kb-info-box-vertical-media-align-top\">         <div class=\"kt-blocks-info-box-media-container\">             <div class=\"kt-blocks-info-box-media kt-info-media-animate-none\">                 <div class=\"kadence-info-box-icon-container kt-info-icon-animate-none\">                     <div class=\"kadence-info-box-icon-inner-container\"><span class=\"kb-svg-icon-wrap kb-svg-icon-fe_calendar kt-info-svg-icon\"><svg viewBox=\"0 0 24 24\"  fill=\"none\" stroke=\"currentColor\" stroke-width=\"2\" stroke-linecap=\"round\" stroke-linejoin=\"round\" xmlns=\"http:\/\/www.w3.org\/2000\/svg\"  role=\"img\"><title>Hora<\/title><rect x=\"3\" y=\"4\" width=\"18\" height=\"18\" rx=\"2\" ry=\"2\"\/><line x1=\"16\" y1=\"2\" x2=\"16\" y2=\"6\"\/><line x1=\"8\" y1=\"2\" x2=\"8\" y2=\"6\"\/><line x1=\"3\" y1=\"10\" x2=\"21\" y2=\"10\"\/><\/svg><\/span><\/div>                 <\/div>             <\/div>         <\/div>         <div class=\"kt-infobox-textcontent\">             <h6 class=\"kt-blocks-info-box-title\">Data<\/h6>             <p class=\"kt-blocks-info-box-text\">28-06-2023<\/p>         <\/div>     <\/span> <\/div>              <\/div>                      <\/div>                    <\/div><\/div>          <style>.kb-row-layout-id15198_57c2d8-c9 > .kt-row-column-wrap{align-content:start;}:where(.kb-row-layout-id15198_57c2d8-c9 > .kt-row-column-wrap) > .wp-block-kadence-column{justify-content:start;}.kb-row-layout-id15198_57c2d8-c9 > .kt-row-column-wrap{column-gap:var(--global-kb-gap-md, 2rem);row-gap:var(--global-kb-gap-md, 2rem);padding-top:var(--global-kb-spacing-sm, 1.5rem);padding-bottom:var(--global-kb-spacing-sm, 1.5rem);grid-template-columns:minmax(0, calc(70% - ((var(--global-kb-gap-md, 2rem) * 1 )\/2)))minmax(0, calc(30% - ((var(--global-kb-gap-md, 2rem) * 1 )\/2)));}.kb-row-layout-id15198_57c2d8-c9 > .kt-row-layout-overlay{opacity:0.30;}@media all and (max-width: 1024px){.kb-row-layout-id15198_57c2d8-c9 > .kt-row-column-wrap{grid-template-columns:minmax(0, 2fr) minmax(0, 1fr);}}@media all and (max-width: 767px){.kb-row-layout-id15198_57c2d8-c9 > .kt-row-column-wrap{grid-template-columns:minmax(0, 1fr);}}<\/style><div class=\"kb-row-layout-wrap kb-row-layout-id15198_57c2d8-c9 alignnone content_article_agenda wp-block-kadence-rowlayout\"><div class=\"kt-row-column-wrap kt-has-2-columns kt-row-layout-left-golden kt-tab-layout-inherit kt-mobile-layout-row kt-row-valign-top\">         <style>.kadence-column15198_459565-82 > .kt-inside-inner-col,.kadence-column15198_459565-82 > .kt-inside-inner-col:before{border-top-left-radius:0px;border-top-right-radius:0px;border-bottom-right-radius:0px;border-bottom-left-radius:0px;}.kadence-column15198_459565-82 > .kt-inside-inner-col{column-gap:var(--global-kb-gap-sm, 1rem);}.kadence-column15198_459565-82 > .kt-inside-inner-col{flex-direction:column;}.kadence-column15198_459565-82 > .kt-inside-inner-col > .aligncenter{width:100%;}.kadence-column15198_459565-82 > .kt-inside-inner-col:before{opacity:0.3;}.kadence-column15198_459565-82{position:relative;}@media all and (max-width: 1024px){.kadence-column15198_459565-82 > .kt-inside-inner-col{flex-direction:column;justify-content:center;}}@media all and (max-width: 767px){.kadence-column15198_459565-82 > .kt-inside-inner-col{flex-direction:column;justify-content:center;}}<\/style>         <div class=\"wp-block-kadence-column kadence-column15198_459565-82\">             <div class=\"kt-inside-inner-col\">             <div class=\"autor_post wp-block-post-author-name\"><a href=\"https:\/\/www.amicsdelpais.com\/es\/author\/amicsdelpais\/\" target=\"_blank\" class=\"wp-block-post-author-name__link\">Amics del Pa\u00eds<\/a><\/div>             <div class=\"summary_post wp-block-post-excerpt\"><p class=\"wp-block-post-excerpt__excerpt\">Alejandro Fern\u00e1ndez, presidente del Partido Popular de Catalunya, ha sido el encargado de inaugurar el ciclo &#8216; Catalunya davant les eleccions del 23-J&#8217;, organizado por Barcelona Tribuna de Amics del Pa\u00eds, un ciclo que, ante una campa\u00f1a electoral de gran trascendencia y dimensi\u00f3n, pretende ofrecer la oportunidad a las diferentes opciones pol\u00edticas de explicar su&hellip; <\/p><\/div>                           <h2><span style='color: #008000;'><strong>\u201cSustituir la <em>cultura del no a todo<\/em> por la <em>cultura del s\u00ed a todo lo que funciona<\/em>\u201d<\/strong><\/span><\/h2>  <p>Por este motivo, el presidente de los populares catalanes ha instado a &#8216;<strong>sustituir la <em>cultura del no a todo<\/em> por la <em>cultura del s\u00ed a todo lo que funciona<\/em><\/strong>&#8216;, para &#8216;superar la pol\u00edtica de la indignaci\u00f3n y devolver a la responsabilidad&#8217;. En este sentido, Alejandro Fern\u00e1ndez ha reclamado revertir, en primer lugar, la paralizaci\u00f3n de grandes infraestructuras y grandes eventos; en segundo lugar, la criminalizaci\u00f3n de la industria y la turismofobia; en tercer lugar, la pol\u00edtica energ\u00e9tica &#8216;absolutamente absurda&#8217;, que hace que Catalunya est\u00e9 a la cola en proyectos de energ\u00edas renovables, y la criminalizaci\u00f3n de los gestores privados del agua y, consecuentemente, la criminalizaci\u00f3n de la &#8216;cooperaci\u00f3n p\u00fablico-privada&#8217; \u201d; en cuarto lugar, la falta de respeto a la propiedad privada y a la seguridad jur\u00eddica y, por \u00faltimo, una <strong>pol\u00edtica educativa &#8216;desfasada y llena de prejuicios ideol\u00f3gicos&#8217;, que est\u00e1 &#8216;al servicio de la construcci\u00f3n nacional y vulnera los derechos de los alumnos&#8217;<\/strong>.<\/p>   <p><img src='https:\/\/www.amicsdelpais.com\/wp-content\/uploads\/public\/imgs\/2017_6q_a3_web.png' alt='Barcelona Tribuna amb Alejandro Fern\u00e1ndez' width='950' height='567' \/><\/p>   <p>En cuanto a <strong>la reforma de la financiaci\u00f3n auton\u00f3mica<\/strong>, Alejandro Fern\u00e1ndez ha lamentado el discurso en Catalunya de \u201dEspa\u00f1a nos roba\u201d porque, a su juicio, \u201cconecta con el peor del nacional populismo europeo y roza la xenofobia\u201d. Por el contrario, se ha mostrado a favor de llegar a acuerdos &#8216;legales y razonables y que se apliquen con lealtad institucional y al conjunto de toda Espa\u00f1a&#8217;. Sin embargo, estas condiciones, seg\u00fan Fern\u00e1ndez, no se cumplen actualmente.<\/p>  <h2><span style='color: #008000;'><strong>&#8216;La responsabilidad de los pol\u00edticos catalanes no debe ser que Madrid tenga menos competencias&#8217;<\/strong><\/span><\/h2>  <p>Por otra parte, el presidente del Partido Popular catal\u00e1n tambi\u00e9n ha criticado el exceso de <strong>victimismo y de <em>madriditis<\/em><\/strong> de los \u00faltimos a\u00f1os en Catalunya y ha afirmado que &#8216;la responsabilidad de los pol\u00edticos catalanes no debe ser que Madrid tenga menos competencias&#8217;, sino ejercer las sus competencias de forma eficiente y eficaz.<\/p>   <p><img src='https:\/\/www.amicsdelpais.com\/wp-content\/uploads\/public\/imgs\/2018_7i_a5_web.png' alt='Barcelona Tribuna amb Alejandro Fern\u00e1ndez' width='950' height='567' \/><\/p>   <p>Por \u00faltimo, Alejandro Fern\u00e1ndez ha concluido que para recuperar la estabilidad pol\u00edtica en Cataluny y su prestigio internacional, es necesario acabar de manera &#8216;definitiva&#8217; con el &#8216;proc\u00e9s separatista&#8217; y recuperar los mecanismos de di\u00e1logo institucional comunes en todas las Comunidades Aut\u00f3nomas, ya que &#8216;Catalunya ha salido gravemente perjudicada en su ausencia en las conferencias de presidentes auton\u00f3micos&#8217;. Sin embargo, seg\u00fan Fern\u00e1ndez, tambi\u00e9n es necesario frenar la mesa de di\u00e1logo, que es &#8216;la segunda parte del proceso y constituye en la erosi\u00f3n de las instituciones democr\u00e1ticas en Espa\u00f1a&#8217;.<\/p>   <p>Preguntado durante el coloquio si el Partido Popular necesita autocr\u00edtica, su presidente ha contestado que &#8216;nosotros hacemos toda la autocr\u00edtica necesaria pero quiz\u00e1s no gusta a todo el mundo&#8217;. En este sentido, ha defendido que, seg\u00fan su partido, <strong>las causas del declive de Catalunya no ha sido &#8216;una falta de empat\u00eda con el nacionalismo, sino cederle demasiadas concesiones<\/strong>&#8216;.<\/p>  <h2><span style='color: #008000;'><strong>Terminar con el \u201c<em>proc\u00e9s independentista<\/em>\u201d y con la mesa de di\u00e1logo<\/strong><\/span><\/h2>  <p>A este respecto, el presidente popular ha afirmado que el futuro de Europa es &#8216;<strong>la superaci\u00f3n del nacional populismo<\/strong>&#8216;, un populismo que ha comportado el declive, tambi\u00e9n, europeo. Y es por eso que, tal y como se ha comprometido el Partido Popular seg\u00fan Alejandro Fern\u00e1ndez, si el Partido Socialista queda por encima del Partido Popular, los de Feij\u00f3o facilitar\u00edan la investidura de los socialistas con la abstenci\u00f3n.<\/p>   <p><img src='https:\/\/www.amicsdelpais.com\/wp-content\/uploads\/public\/imgs\/2020_1u_a10_web.png' alt='Barcelona Tribuna amb Alejandro Fern\u00e1ndez' width='950' height='567' \/><\/p>   <p>El acto ha sido presentado por el alcalde de Badalona, <strong>Xavier Garcia Albiol<\/strong>, y moderado por <strong>Miquel Roca i Junyent<\/strong>, presidente de Amics del Pa\u00eds, que durante su turno ha sugerido que \u201cla decadencia de Catalunya es una banalizaci\u00f3n del lenguaje y que, tal vez, deber\u00eda encontrarse una expresi\u00f3n m\u00e1s acertada\u201d.<\/p>                                          <style>.kb-row-layout-id22850_b19245-db > .kt-row-column-wrap{align-content:start;}:where(.kb-row-layout-id22850_b19245-db > .kt-row-column-wrap) > .wp-block-kadence-column{justify-content:start;}.kb-row-layout-id22850_b19245-db > .kt-row-column-wrap{column-gap:var(--global-kb-gap-md, 2rem);row-gap:var(--global-kb-gap-md, 2rem);padding-top:24px;padding-bottom:0px;grid-template-columns:minmax(0, 1fr);}.kb-row-layout-id22850_b19245-db{background-color:#fecc8c;background-image:url('https:\/\/www.amicsdelpais.com\/wp-content\/uploads\/2025\/06\/bg_newsletter_01.svg');background-size:auto;background-position:100% 0%;background-attachment:scroll;background-repeat:repeat-y;}.kb-row-layout-id22850_b19245-db > .kt-row-layout-overlay{opacity:0.30;}@media all and (max-width: 1024px){.kb-row-layout-id22850_b19245-db > .kt-row-column-wrap{grid-template-columns:minmax(0, 1fr);}}@media all and (max-width: 767px){.kb-row-layout-id22850_b19245-db > .kt-row-column-wrap{grid-template-columns:minmax(0, 1fr);}}<\/style><div class=\"kb-row-layout-wrap kb-row-layout-id22850_b19245-db alignnone kt-row-has-bg block_newsletter wp-block-kadence-rowlayout\"><div class=\"kt-row-column-wrap kt-has-1-columns kt-row-layout-equal kt-tab-layout-inherit kt-mobile-layout-row kt-row-valign-top\">\n<style>.kadence-column22850_a01aca-24 > .kt-inside-inner-col{padding-bottom:0px;}.kadence-column22850_a01aca-24 > .kt-inside-inner-col,.kadence-column22850_a01aca-24 > .kt-inside-inner-col:before{border-top-left-radius:0px;border-top-right-radius:0px;border-bottom-right-radius:0px;border-bottom-left-radius:0px;}.kadence-column22850_a01aca-24 > .kt-inside-inner-col{column-gap:var(--global-kb-gap-sm, 1rem);}.kadence-column22850_a01aca-24 > .kt-inside-inner-col{flex-direction:column;}.kadence-column22850_a01aca-24 > .kt-inside-inner-col > .aligncenter{width:100%;}.kadence-column22850_a01aca-24 > .kt-inside-inner-col:before{opacity:0.3;}.kadence-column22850_a01aca-24{position:relative;}@media all and (max-width: 1024px){.kadence-column22850_a01aca-24 > .kt-inside-inner-col{flex-direction:column;justify-content:center;}}@media all and (max-width: 767px){.kadence-column22850_a01aca-24 > .kt-inside-inner-col{flex-direction:column;justify-content:center;}}<\/style>\n<div class=\"wp-block-kadence-column kadence-column22850_a01aca-24\"><div class=\"kt-inside-inner-col\">\n<h2 class=\"wp-block-heading\">Suscr\u00edbete al newsletter<\/h2>\n\n\n\n<p>Suscr\u00edbete al <strong>Newsletter de Amics del Pa\u00eds<\/strong> para estar al d\u00eda de todo lo que hacemos. Recibir\u00e1s informaci\u00f3n sobre nuestras actividades, noticias destacadas y las convocatorias y novedades de las conferencias que organizamos.<\/p>\n\n\n\n<div style=\"height:20px\" aria-hidden=\"true\" class=\"wp-block-spacer\"><\/div>\n\n\n\n<div class=\"wpcf7 no-js\" id=\"wpcf7-f42828-o1\" lang=\"es-ES\" dir=\"ltr\" data-wpcf7-id=\"42828\">\n<div class=\"screen-reader-response\"><p role=\"status\" aria-live=\"polite\" aria-atomic=\"true\"><\/p> <ul><\/ul><\/div>\n<form action=\"\/es\/wp-json\/wp\/v2\/posts\/22520#wpcf7-f42828-o1\" method=\"post\" class=\"wpcf7-form init\" aria-label=\"Formulario de contacto\" novalidate=\"novalidate\" data-status=\"init\">\n<fieldset class=\"hidden-fields-container\"><input type=\"hidden\" name=\"_wpcf7\" value=\"42828\" \/><input type=\"hidden\" name=\"_wpcf7_version\" value=\"6.1.5\" \/><input type=\"hidden\" name=\"_wpcf7_locale\" value=\"es_ES\" \/><input type=\"hidden\" name=\"_wpcf7_unit_tag\" value=\"wpcf7-f42828-o1\" \/><input type=\"hidden\" name=\"_wpcf7_container_post\" value=\"0\" \/><input type=\"hidden\" name=\"_wpcf7_posted_data_hash\" value=\"\" \/><input type=\"hidden\" name=\"_wpcf7_recaptcha_response\" value=\"\" \/>\n<\/fieldset>\n<p>\t\t<div id=\"cf7md-form\" class=\"cf7md-form cf7md-spacing--tight\">\n\t\t\t<div class=\"mdc-layout-grid\">\n\t\t\t\t\t\t\t\t\n<\/p>\n<p>\t\t<div class=\"cf7md-item cf7md-text mdc-layout-grid__cell mdc-layout-grid__cell--span-12 mdc-layout-grid__cell--span-6-desktop mdc-layout-grid__cell--span-4-tablet mdc-layout-grid__cell--span-4-mobile\">\n\t\t\t<br \/>\n<span class=\"wpcf7-form-control-wrap\" data-name=\"nom\"><input size=\"40\" maxlength=\"400\" class=\"wpcf7-form-control wpcf7-text wpcf7-validates-as-required\" aria-required=\"true\" aria-invalid=\"false\" placeholder=\"Nombre\" value=\"\" type=\"text\" name=\"nom\" \/><\/span><br \/>\n\t\t\t\t\t\t<div style=\"display: none;\" class=\"cf7md-text-html\">\n\t\t\t\t<div class=\"mdc-textfield\" data-mdc-auto-init=\"MDCTextfield\">\n\t\t\t\t\t<label class=\"mdc-textfield__label\"><\/label>\n\t\t\t\t<\/div>\n\t\t\t<\/div>\n\t\t<\/div>\n\t\t<br \/>\n\t\t<div class=\"cf7md-item cf7md-text mdc-layout-grid__cell mdc-layout-grid__cell--span-12 mdc-layout-grid__cell--span-6-desktop mdc-layout-grid__cell--span-4-tablet mdc-layout-grid__cell--span-4-mobile\">\n\t\t\t<br \/>\n<span class=\"wpcf7-form-control-wrap\" data-name=\"cognoms\"><input size=\"40\" maxlength=\"400\" class=\"wpcf7-form-control wpcf7-text wpcf7-validates-as-required\" aria-required=\"true\" aria-invalid=\"false\" placeholder=\"Apellidos\" value=\"\" type=\"text\" name=\"cognoms\" \/><\/span><br \/>\n\t\t\t\t\t\t<div style=\"display: none;\" class=\"cf7md-text-html\">\n\t\t\t\t<div class=\"mdc-textfield\" data-mdc-auto-init=\"MDCTextfield\">\n\t\t\t\t\t<label class=\"mdc-textfield__label\"><\/label>\n\t\t\t\t<\/div>\n\t\t\t<\/div>\n\t\t<\/div>\n\t\t\n<\/p>\n<p>\t\t<div class=\"cf7md-item cf7md-text mdc-layout-grid__cell mdc-layout-grid__cell--span-12 mdc-layout-grid__cell--span-6-desktop mdc-layout-grid__cell--span-4-tablet mdc-layout-grid__cell--span-4-mobile\">\n\t\t\t<br \/>\n<span class=\"wpcf7-form-control-wrap\" data-name=\"your-email\"><input size=\"40\" maxlength=\"400\" class=\"wpcf7-form-control wpcf7-email wpcf7-validates-as-required wpcf7-text wpcf7-validates-as-email\" aria-required=\"true\" aria-invalid=\"false\" placeholder=\"Correo electr\u00f3nico\" value=\"\" type=\"email\" name=\"your-email\" \/><\/span><br \/>\n\t\t\t\t\t\t<div style=\"display: none;\" class=\"cf7md-text-html\">\n\t\t\t\t<div class=\"mdc-textfield\" data-mdc-auto-init=\"MDCTextfield\">\n\t\t\t\t\t<label class=\"mdc-textfield__label\"><\/label>\n\t\t\t\t<\/div>\n\t\t\t<\/div>\n\t\t<\/div>\n\t\t<br \/>\n\t\t<div class=\"cf7md-item cf7md-text mdc-layout-grid__cell mdc-layout-grid__cell--span-12 mdc-layout-grid__cell--span-6-desktop mdc-layout-grid__cell--span-4-tablet mdc-layout-grid__cell--span-4-mobile\">\n\t\t\t<br \/>\n<span class=\"wpcf7-form-control-wrap\" data-name=\"telefon\"><input size=\"40\" maxlength=\"400\" class=\"wpcf7-form-control wpcf7-tel wpcf7-validates-as-required wpcf7-text wpcf7-validates-as-tel\" aria-required=\"true\" aria-invalid=\"false\" placeholder=\"Tel\u00e9fono\" value=\"\" type=\"tel\" name=\"telefon\" \/><\/span><br \/>\n\t\t\t\t\t\t<div style=\"display: none;\" class=\"cf7md-text-html\">\n\t\t\t\t<div class=\"mdc-textfield\" data-mdc-auto-init=\"MDCTextfield\">\n\t\t\t\t\t<label class=\"mdc-textfield__label\"><\/label>\n\t\t\t\t<\/div>\n\t\t\t<\/div>\n\t\t<\/div>\n\t\t\n<\/p>\n<p>\t\t<div class=\"cf7md-item cf7md-text mdc-layout-grid__cell mdc-layout-grid__cell--span-12 mdc-layout-grid__cell--span-6-desktop mdc-layout-grid__cell--span-4-tablet mdc-layout-grid__cell--span-4-mobile\">\n\t\t\t<br \/>\n<span class=\"wpcf7-form-control-wrap\" data-name=\"entitat\"><input size=\"40\" maxlength=\"400\" class=\"wpcf7-form-control wpcf7-text\" aria-invalid=\"false\" placeholder=\"Entidad \/ Empresa\" value=\"\" type=\"text\" name=\"entitat\" \/><\/span><br \/>\n\t\t\t\t\t\t<div style=\"display: none;\" class=\"cf7md-text-html\">\n\t\t\t\t<div class=\"mdc-textfield\" data-mdc-auto-init=\"MDCTextfield\">\n\t\t\t\t\t<label class=\"mdc-textfield__label\"><\/label>\n\t\t\t\t<\/div>\n\t\t\t<\/div>\n\t\t<\/div>\n\t\t<br \/>\n\t\t<div class=\"cf7md-item cf7md-text mdc-layout-grid__cell mdc-layout-grid__cell--span-12 mdc-layout-grid__cell--span-6-desktop mdc-layout-grid__cell--span-4-tablet mdc-layout-grid__cell--span-4-mobile\">\n\t\t\t<br \/>\n<span class=\"wpcf7-form-control-wrap\" data-name=\"cargo\"><input size=\"40\" maxlength=\"400\" class=\"wpcf7-form-control wpcf7-text\" aria-invalid=\"false\" placeholder=\"Cargo\" value=\"\" type=\"text\" name=\"cargo\" \/><\/span><br \/>\n\t\t\t\t\t\t<div style=\"display: none;\" class=\"cf7md-text-html\">\n\t\t\t\t<div class=\"mdc-textfield\" data-mdc-auto-init=\"MDCTextfield\">\n\t\t\t\t\t<label class=\"mdc-textfield__label\"><\/label>\n\t\t\t\t<\/div>\n\t\t\t<\/div>\n\t\t<\/div>\n\t\t\n<\/p>\n<p>\t\t<div class=\"cf7md-item cf7md-accept cf7md-is-wpcf7v5 mdc-layout-grid__cell mdc-layout-grid__cell--span-12 mdc-layout-grid__cell--span-12-desktop mdc-layout-grid__cell--span-8-tablet mdc-layout-grid__cell--span-4-mobile\">\n\t\t\t\t\t\t<br \/>\n<span class=\"wpcf7-form-control-wrap\" data-name=\"acceptance-273\"><span class=\"wpcf7-form-control wpcf7-acceptance\"><span class=\"wpcf7-list-item\"><label><input type=\"checkbox\" name=\"acceptance-273\" value=\"1\" aria-invalid=\"false\" \/><span class=\"wpcf7-list-item-label\">He le\u00eddo y acepto la <a href=\"https:\/\/www.amicsdelpais.com\/es\/avis-legal\" title=\"Tratamiento de los Datos de Car\u00e1cter Personal\" target=\"_blank\">pol\u00edtica de privacidad (GDPR)<\/a>.<\/span><\/label><\/span><\/span><\/span><br \/>\n\t\t\t<label class=\"cf7md-accept-label\"><\/label>\n\t\t\t<div style=\"display: none;\" class=\"cf7md-checkbox-html\">\n\t\t\t\t<div class=\"mdc-checkbox__background\">\n\t\t\t\t\t<svg version=\"1.1\"\n\t\t\t\t\t\tclass=\"mdc-checkbox__checkmark\"\n\t\t\t\t\t\txmlns=\"http:\/\/www.w3.org\/2000\/svg\"\n\t\t\t\t\t\tviewBox=\"0 0 24 24\"\n\t\t\t\t\t\txml:space=\"preserve\">\n\t\t\t\t\t\t<path class=\"mdc-checkbox__checkmark__path\"\n\t\t\t\t\t\t\tfill=\"none\"\n\t\t\t\t\t\t\tstroke=\"white\"\n\t\t\t\t\t\t\td=\"M1.73,12.91 8.1,19.28 22.79,4.59\"\/>\n\t\t\t\t\t<\/svg>\n\t\t\t\t\t<div class=\"mdc-checkbox__mixedmark\"><\/div>\n\t\t\t\t<\/div>\n\t\t\t<\/div>\n\t\t\t\t\t<\/div>\n\t\t<br \/>\n<input class=\"wpcf7-form-control wpcf7-hidden\" value=\"\" type=\"hidden\" name=\"origen\" \/><br \/>\n\t\t<div class=\"cf7md-item cf7md-submit mdc-layout-grid__cell mdc-layout-grid__cell--span-12 mdc-layout-grid__cell--span-12-desktop mdc-layout-grid__cell--span-8-tablet mdc-layout-grid__cell--span-4-mobile\">\n\t\t\t<br \/>\n<input class=\"wpcf7-form-control wpcf7-submit has-spinner\" type=\"submit\" value=\"Subscribirme\" \/><br \/>\n\t\t\t<svg class=\"cf7md-spinner\" width=\"25px\" height=\"25px\" viewBox=\"0 0 66 66\" xmlns=\"http:\/\/www.w3.org\/2000\/svg\">\n\t\t\t\t<circle class=\"cf7md-spinner-path\" fill=\"none\" stroke-width=\"6\" stroke-linecap=\"round\" cx=\"33\" cy=\"33\" r=\"30\"><\/circle>\n\t\t\t<\/svg>\n\t\t<\/div>\n\t\t<br \/>\n\t\t\t\t\t\t\t<\/div>\n\t\t<\/div>\n\t\t\n<\/p><div class=\"wpcf7-response-output\" aria-hidden=\"true\"><\/div>\n<\/form>\n<\/div>\n\n<\/div><\/div>\n\n<\/div><\/div>             <\/div>         <\/div>                   <style>.kadence-column15198_b55ca3-7f > .kt-inside-inner-col,.kadence-column15198_b55ca3-7f > .kt-inside-inner-col:before{border-top-left-radius:0px;border-top-right-radius:0px;border-bottom-right-radius:0px;border-bottom-left-radius:0px;}.kadence-column15198_b55ca3-7f > .kt-inside-inner-col{column-gap:var(--global-kb-gap-sm, 1rem);}.kadence-column15198_b55ca3-7f > .kt-inside-inner-col{flex-direction:column;}.kadence-column15198_b55ca3-7f > .kt-inside-inner-col > .aligncenter{width:100%;}.kadence-column15198_b55ca3-7f > .kt-inside-inner-col:before{opacity:0.3;}.kadence-column15198_b55ca3-7f{position:relative;}@media all and (max-width: 1024px){.kadence-column15198_b55ca3-7f > .kt-inside-inner-col{flex-direction:column;justify-content:center;}}@media all and (max-width: 767px){.kadence-column15198_b55ca3-7f > .kt-inside-inner-col{flex-direction:column;justify-content:center;}}<\/style>         <div class=\"wp-block-kadence-column kadence-column15198_b55ca3-7f\">             <div class=\"kt-inside-inner-col\">                                          <style>.kadence-column15319_c8bedf-02 > .kt-inside-inner-col,.kadence-column15319_c8bedf-02 > .kt-inside-inner-col:before{border-top-left-radius:0px;border-top-right-radius:0px;border-bottom-right-radius:0px;border-bottom-left-radius:0px;}.kadence-column15319_c8bedf-02 > .kt-inside-inner-col{column-gap:var(--global-kb-gap-sm, 1rem);}.kadence-column15319_c8bedf-02 > .kt-inside-inner-col{flex-direction:column;}.kadence-column15319_c8bedf-02 > .kt-inside-inner-col > .aligncenter{width:100%;}.kadence-column15319_c8bedf-02 > .kt-inside-inner-col:before{opacity:0.3;}.kadence-column15319_c8bedf-02{position:relative;}@media all and (max-width: 1024px){.kadence-column15319_c8bedf-02 > .kt-inside-inner-col{flex-direction:column;justify-content:center;}}@media all and (max-width: 767px){.kadence-column15319_c8bedf-02 > .kt-inside-inner-col{flex-direction:column;justify-content:center;}}<\/style>         <div class=\"wp-block-kadence-column kadence-column15319_c8bedf-02 sidebar_block_01\">             <div class=\"kt-inside-inner-col\">                 <h5 class=\"wp-block-heading\">Enlaces relacionados<\/h5>                                                   <ul class=\"wp-block-list links_relacionats_list\">                         <li><a href=\"https:\/\/www.amicsdelpais.com\/ca\/publicacions\/catalunya_davant_les_eleccions_del_23j__barcelona_tribuna_amb_jessica_albiach\/923\/\" data-type=\"link\" data-id=\"https:\/\/www.amicsdelpais.com\/ca\/publicacions\/catalunya_davant_les_eleccions_del_23j__barcelona_tribuna_amb_jessica_albiach\/923\/\" target=\"_blank\" rel=\"noreferrer noopener nofollow\">&#8216;Catalunya davant les eleccions del 23-J&#8217; <\/a><\/li>                                      <li><a href=\"https:\/\/www.amicsdelpais.com\/ca\/publicacions\/catalunya_davant_les_eleccions_del_23j__barcelona_tribuna_amb_jordi_turull\/922\/\" data-type=\"link\" data-id=\"https:\/\/www.amicsdelpais.com\/ca\/publicacions\/catalunya_davant_les_eleccions_del_23j__barcelona_tribuna_amb_jordi_turull\/922\/\" target=\"_blank\" rel=\"noreferrer noopener nofollow\"> Barcelona Tribuna amb Oriol Junqueras<\/a><\/li>                                      <li><a href=\"https:\/\/www.amicsdelpais.com\/ca\/publicacions\/catalunya_davant_les_eleccions_del_23j__barcelona_tribuna_amb_oriol_junqueras\/921\/\" data-type=\"link\" data-id=\"https:\/\/www.amicsdelpais.com\/ca\/publicacions\/catalunya_davant_les_eleccions_del_23j__barcelona_tribuna_amb_oriol_junqueras\/921\/\" target=\"_blank\" rel=\"noreferrer noopener nofollow\">&#8216;Catalunya davant les eleccions del 23-J&#8217; <\/a><\/li>                                      <li><a href=\"https:\/\/www.amicsdelpais.com\/ca\/publicacions\/catalunya_davant_les_eleccions_del_23j__barcelona_tribuna_amb_salvador_illa\/920\/\" data-type=\"link\" data-id=\"https:\/\/www.amicsdelpais.com\/ca\/publicacions\/catalunya_davant_les_eleccions_del_23j__barcelona_tribuna_amb_salvador_illa\/920\/\" target=\"_blank\" rel=\"noreferrer noopener nofollow\"> Barcelona Tribuna con J\u00e9ssica Albiach<\/a><\/li>                             <\/ul>                              <\/div>         <\/div>                      <\/div>         <\/div>                  <\/div><\/div>                   <p><\/p>         ","protected":false},"excerpt":{"rendered":"<p><strong>Alejandro Fern\u00e1ndez<\/strong>, presidente del Partido Popular de Catalunya, ha sido el encargado de inaugurar el ciclo &#8216;<strong> Catalunya davant les eleccions del 23-J<\/strong>&#8216;, organizado por <strong>Barcelona Tribuna de Amics del Pa\u00eds<\/strong>, un ciclo que, ante una campa\u00f1a electoral de gran trascendencia y dimensi\u00f3n, pretende ofrecer la oportunidad a las diferentes opciones pol\u00edticas de explicar su respuesta a la situaci\u00f3n actual con una visi\u00f3n desde Catalunya. Durante su intervenci\u00f3n, Alejandro Fern\u00e1ndez ha expuesto algunas reflexiones y propuestas para &#8216;<strong>revertir la decadencia de Cataluny y recuperar el liderazgo&#8217; en Espa\u00f1a y en Europa<\/strong>.<\/p>\n<p><iframe title='YouTube video player' src='https:\/\/www.youtube.com\/embed\/PNHt4-cEDK8' frameborder='0' width='560' height='315'><\/iframe><\/p>\n","protected":false},"author":186,"featured_media":31108,"comment_status":"closed","ping_status":"closed","sticky":false,"template":"","format":"standard","meta":{"inline_featured_image":false,"_kad_blocks_custom_css":"","_kad_blocks_head_custom_js":"","_kad_blocks_body_custom_js":"","_kad_blocks_footer_custom_js":"","_price":"","_stock":"","_tribe_ticket_header":"","_tribe_default_ticket_provider":"","_ticket_start_date":"","_ticket_end_date":"","_tribe_ticket_show_description":"","_tribe_ticket_show_not_going":false,"_tribe_ticket_use_global_stock":"","_tribe_ticket_global_stock_level":"","_global_stock_mode":"","_global_stock_cap":"","_tribe_rsvp_for_event":"","_tribe_ticket_going_count":"","_tribe_ticket_not_going_count":"","_tribe_tickets_list":"[]","_tribe_ticket_has_attendee_info_fields":false,"_kad_post_transparent":"","_kad_post_title":"","_kad_post_layout":"","_kad_post_sidebar_id":"","_kad_post_content_style":"","_kad_post_vertical_padding":"","_kad_post_feature":"","_kad_post_feature_position":"","_kad_post_header":false,"_kad_post_footer":false,"_kad_post_classname":"","footnotes":""},"categories":[739,213,193,200],"tags":[],"class_list":["post-22520","post","type-post","status-publish","format-standard","has-post-thumbnail","hentry","category-barcelona_tribuna-publicacions-es","category-res-debate","category-publicaciones","category-resumen-de-actividades"],"taxonomy_info":{"category":[{"value":739,"label":"Barcelona Tribuna - Publicaciones"},{"value":213,"label":"Debate"},{"value":193,"label":"Publicaciones"},{"value":200,"label":"Resumen de actividades"}]},"featured_image_src_large":["https:\/\/www.amicsdelpais.com\/wp-content\/uploads\/2023\/06\/2017_6q_a3_web.png",950,567,false],"author_info":{"display_name":"Amics del Pa\u00eds","author_link":"https:\/\/www.amicsdelpais.com\/es\/author\/amicsdelpais\/"},"comment_info":0,"category_info":[{"term_id":739,"name":"Barcelona Tribuna - Publicaciones","slug":"barcelona_tribuna-publicacions-es","term_group":0,"term_taxonomy_id":739,"taxonomy":"category","description":"","parent":771,"count":51,"filter":"raw","cat_ID":739,"category_count":51,"category_description":"","cat_name":"Barcelona Tribuna - Publicaciones","category_nicename":"barcelona_tribuna-publicacions-es","category_parent":771},{"term_id":213,"name":"Debate","slug":"res-debate","term_group":0,"term_taxonomy_id":213,"taxonomy":"category","description":"","parent":200,"count":29,"filter":"raw","cat_ID":213,"category_count":29,"category_description":"","cat_name":"Debate","category_nicename":"res-debate","category_parent":200},{"term_id":193,"name":"Publicaciones","slug":"publicaciones","term_group":0,"term_taxonomy_id":193,"taxonomy":"category","description":"","parent":0,"count":761,"filter":"raw","cat_ID":193,"category_count":761,"category_description":"","cat_name":"Publicaciones","category_nicename":"publicaciones","category_parent":0},{"term_id":200,"name":"Resumen de actividades","slug":"resumen-de-actividades","term_group":0,"term_taxonomy_id":200,"taxonomy":"category","description":"","parent":193,"count":288,"filter":"raw","cat_ID":200,"category_count":288,"category_description":"","cat_name":"Resumen de actividades","category_nicename":"resumen-de-actividades","category_parent":193}],"tag_info":false,"_links":{"self":[{"href":"https:\/\/www.amicsdelpais.com\/es\/wp-json\/wp\/v2\/posts\/22520","targetHints":{"allow":["GET"]}}],"collection":[{"href":"https:\/\/www.amicsdelpais.com\/es\/wp-json\/wp\/v2\/posts"}],"about":[{"href":"https:\/\/www.amicsdelpais.com\/es\/wp-json\/wp\/v2\/types\/post"}],"author":[{"embeddable":true,"href":"https:\/\/www.amicsdelpais.com\/es\/wp-json\/wp\/v2\/users\/186"}],"replies":[{"embeddable":true,"href":"https:\/\/www.amicsdelpais.com\/es\/wp-json\/wp\/v2\/comments?post=22520"}],"version-history":[{"count":0,"href":"https:\/\/www.amicsdelpais.com\/es\/wp-json\/wp\/v2\/posts\/22520\/revisions"}],"wp:featuredmedia":[{"embeddable":true,"href":"https:\/\/www.amicsdelpais.com\/es\/wp-json\/wp\/v2\/media\/31108"}],"wp:attachment":[{"href":"https:\/\/www.amicsdelpais.com\/es\/wp-json\/wp\/v2\/media?parent=22520"}],"wp:term":[{"taxonomy":"category","embeddable":true,"href":"https:\/\/www.amicsdelpais.com\/es\/wp-json\/wp\/v2\/categories?post=22520"},{"taxonomy":"post_tag","embeddable":true,"href":"https:\/\/www.amicsdelpais.com\/es\/wp-json\/wp\/v2\/tags?post=22520"}],"curies":[{"name":"wp","href":"https:\/\/api.w.org\/{rel}","templated":true}]}}